{"id":493,"date":"2009-09-17T17:39:51","date_gmt":"2009-09-17T15:39:51","guid":{"rendered":"http:\/\/www.zweitfrau.eu\/wordpress\/?p=493"},"modified":"2016-07-03T10:57:36","modified_gmt":"2016-07-03T08:57:36","slug":"diana-beim-neuen-jackson-tribut-in-wien","status":"publish","type":"post","link":"http:\/\/www.zweitfrau.eu\/wordpress\/diana-beim-neuen-jackson-tribut-in-wien\/","title":{"rendered":"Diana beim &#8218;Neuen Jackson-Tribut&#8216; in Wien"},"content":{"rendered":"<p><center><strong><font color=\"#888800\">The Tribute to The Tribute, Samstag, 26. 9., 20 Uhr, Wien, U4<\/font><\/strong><\/center><br \/>\n<span style=\"line-height: 12pt;\">Orlando findet in \u00d6sterreich&#8217;s <a href=\"http:\/\/www.oe24.at\/kultur\/Neues-Jackson-Tribute-in-Wien-0537394.ece\">OE24.at<\/a> folgenden Artikel, OE24.at schreibt im Kulturteil am 17.09.2009<\/span><\/p>\n<blockquote><p><span style=\"line-height: 12pt;\"><strong><font color=\"red\">Im U4<\/font><\/strong><br \/>\n<strong>Neues Jackson-Tribute in Wien<\/strong><br \/>\n&nbsp;<br \/>\n<strong>Die Neuen \u00d6sterreicher singen beim \u201eTribute to The Tribute\u201c im U4.<\/strong><br \/>\n&nbsp;<br \/>\n<img loading=\"lazy\" decoding=\"async\" src=\"http:\/\/www.zweitfrau.eu\/wordpress\/wp-content\/uploads\/michael-jackson_tbn.jpg\" alt=\"michael-jackson_tbn\" title=\"michael-jackson_tbn\" width=\"150\" height=\"164\" style=\"float:left; margin-right:20px;  margin-bottom:10px;\" class=\"alignnone size-full wp-image-494\" \/>Wende in der Causa Jackson-Tribute in Wien. Am <strong>26. September <\/strong>gibt es nun eine Austro-Star-Show f\u00fcr den King of Pop. Nicht vor Sch\u00f6nbrunn, aber immerhin auf der Sch\u00f6nbrunner Stra\u00dfe \u2013 im legend\u00e4ren In-Club U4. Das Motto der Veranstaltung: The Tribute to The Tribute.<br \/>\n&nbsp;<br \/>\n<strong>Austro-Pop-Stars<\/strong><br \/>\n\u201eAm 26. September h\u00e4tte ganz Wien gerne Michael-Jackson-Songs live geh\u00f6rt. Jetzt gibt es die \u2013 interpretiert von echten Austro-Pop-Stars\u201c, erkl\u00e4rt Veranstalter G\u00fcnter Unger, der das Event gemeinsam mit Amadeus-Erfinder Mario Rossori initiiert.<br \/>\n&nbsp;<br \/>\nNeue \u00d6sterreicher singen die gr\u00f6\u00dften Jackson-Hits<br \/>\nSchon jetzt ist die G\u00e4steliste fast beeindruckender als beim gescheiterten Original. Statt Sister Sledge und US5 singt die Topriege der Neuen \u00d6sterreicher die gr\u00f6\u00dften Jacko-Hits.<br \/>\nStarmania-Sieger Oliver Wimmer, Denk, <font color=\"red\"><strong>Zweitfrau Diana Lueger<\/strong> (singt Dirty Diana)<\/font>, Eva K. Anderson, Songcontest-Starter Eric Papilaya oder Markus von 3 Feet Smaller haben zugesagt. Als Highlight werden Projekt-X-Leiter Clemens Haipl und Peter Pansky (Das Balaton Combo) einen Jackson-Hit via iPhone (!) darbieten. Dazu will man \u201edie raren Wien-Tribute-Videos von Jermaine Jackson\u201c zeigen.<br \/>\nDie Tickets f\u00fcr dieses \u201eeinmalige Event\u201c kosten jedenfalls nicht bis zu 518 Euro, sondern nur 15 Euro. Unger: \u201eMit einer Original-Tribute-Karte gibt es sogar noch f\u00fcnf Euro Erm\u00e4\u00dfigung.\u201c Der Vorverkauf startet am 17.9. um 10 Uhr auf www.behave.at.<br \/>\n&nbsp;<br \/>\nNur 800 Besucher m\u00f6glich.<br \/>\nIn bester Jermaine-Jackson-Manier wollen auch die The Tribute to The Tribute-Macher in den n\u00e4chsten Tagen noch weitere Stars aus dem Hut ziehen. \u201eLuttenberger*Klug haben f\u00fcr den 26.9. zwar ein anderes Konzert geplant, wollen aber auf jeden Fall dabei sein! Auch Alkbottle, Eberhard Forcher, EAV-Boss Klaus Eberhartinger, Vera oder Anna F. wurden bereits angefragt\u201c, verr\u00e4t Unger.<\/span><br \/>\n&nbsp;<\/p><\/blockquote>\n","protected":false},"excerpt":{"rendered":"<p>The Tribute to The Tribute, Samstag, 26. 9., 20 Uhr, Wien, U4 Orlando findet in \u00d6sterreich&#8217;s OE24.at folgenden Artikel, OE24.at schreibt im Kulturteil am 17.09.2009 Im U4 Neues Jackson-Tribute in Wien &nbsp; Die Neuen \u00d6sterreicher singen beim \u201eTribute to The Tribute\u201c im U4. &nbsp; Wende in der Causa Jackson-Tribute in Wien. Am 26. September gibt [&hellip;]<\/p>\n","protected":false},"author":2,"featured_media":0,"comment_status":"closed","ping_status":"closed","sticky":false,"template":"","format":"standard","meta":{"ngg_post_thumbnail":0,"footnotes":""},"categories":[1],"tags":[109,113,115,114,110,111,116,117,112],"class_list":["post-493","post","type-post","status-publish","format-standard","hentry","category-allgemein","tag-austro-popstars","tag-denk","tag-eric-papilaya","tag-eva-k-anderson","tag-gunter-unger","tag-mario-rossori","tag-markus-von-3-feet-smaller","tag-michael-jackson","tag-oliver-wimmer"],"_links":{"self":[{"href":"http:\/\/www.zweitfrau.eu\/wordpress\/wp-json\/wp\/v2\/posts\/493","targetHints":{"allow":["GET"]}}],"collection":[{"href":"http:\/\/www.zweitfrau.eu\/wordpress\/wp-json\/wp\/v2\/posts"}],"about":[{"href":"http:\/\/www.zweitfrau.eu\/wordpress\/wp-json\/wp\/v2\/types\/post"}],"author":[{"embeddable":true,"href":"http:\/\/www.zweitfrau.eu\/wordpress\/wp-json\/wp\/v2\/users\/2"}],"replies":[{"embeddable":true,"href":"http:\/\/www.zweitfrau.eu\/wordpress\/wp-json\/wp\/v2\/comments?post=493"}],"version-history":[{"count":0,"href":"http:\/\/www.zweitfrau.eu\/wordpress\/wp-json\/wp\/v2\/posts\/493\/revisions"}],"wp:attachment":[{"href":"http:\/\/www.zweitfrau.eu\/wordpress\/wp-json\/wp\/v2\/media?parent=493"}],"wp:term":[{"taxonomy":"category","embeddable":true,"href":"http:\/\/www.zweitfrau.eu\/wordpress\/wp-json\/wp\/v2\/categories?post=493"},{"taxonomy":"post_tag","embeddable":true,"href":"http:\/\/www.zweitfrau.eu\/wordpress\/wp-json\/wp\/v2\/tags?post=493"}],"curies":[{"name":"wp","href":"https:\/\/api.w.org\/{rel}","templated":true}]}}